{"id":1155,"date":"2013-05-31T11:47:14","date_gmt":"2013-05-31T11:47:14","guid":{"rendered":"http:\/\/www.adehon.org\/es\/?p=1155"},"modified":"2014-07-07T15:52:54","modified_gmt":"2014-07-07T15:52:54","slug":"como-buscar-un-empleo","status":"publish","type":"post","link":"https:\/\/www.adehon.org\/es\/certificados_profesionalidad\/como-buscar-un-empleo\/","title":{"rendered":"C\u00f3mo buscar un empleo"},"content":{"rendered":"<p style=\"text-align: justify;\">Buscar empleo, no es f\u00e1cil; menos a\u00fan, cuando se est\u00e1 pasando por una crisis econ\u00f3mica, donde lo normal es el cierre de empresas, despidos y menos oferta de trabajo.<\/p>\n<p style=\"text-align: justify;\">Con este panorama, la posibilidad de buscar empleo se reducen al m\u00ednimo; sin embargo, se tiene que considerar, algunos puntos importantes para tomar en cuenta y\u00a0 mejorar. Algunas condiciones para la b\u00fasqueda de <a href=\"http:\/\/www.adehon.org\/cursos-online\/ficha\/216\/contratacion-seguridad-social-y-nominas.html\">empleo<\/a>, son:<\/p>\n<p style=\"text-align: justify;\">a)\u00a0\u00a0\u00a0 Todos los Gobiernos disponen de paquetes laborales (proyectos sociales) de emergencia donde tu profesi\u00f3n puede ser v\u00e1lida. Esto es m\u00e1s com\u00fan; no por ello, desechable.<\/p>\n<p style=\"text-align: justify;\">b)\u00a0\u00a0\u00a0 Las habilidades, destrezas y competencias que genera la formaci\u00f3n profesional, permiten ampliar los focos de b\u00fasqueda y, en consecuencia, ampl\u00edan el perfil profesional a diversos empleos que antes no se consideraban.<\/p>\n<p style=\"text-align: justify;\">c)\u00a0\u00a0\u00a0 La b\u00fasqueda se flexibiliza y se hace m\u00e1s din\u00e1mica, abarcando todas las posibilidades y estrategias de autogesti\u00f3n, marketing personal y nichos laborales no cubiertos.<\/p>\n<p style=\"text-align: justify;\">d)\u00a0\u00a0\u00a0 Optimizaci\u00f3n del tiempo en informarse, investigar y analizar posibilidades nuevas de empleabilidad, cubrir espacios tradicionales y no tradicionales de b\u00fasqueda.<\/p>\n<p style=\"text-align: justify;\">e)\u00a0\u00a0\u00a0 Capacidad de gestionar di\u00e1logos, colaboraci\u00f3n y trabajo de equipos con otros profesionales que est\u00e9n en la misma situaci\u00f3n. La oferta multidisciplinaria, se hace m\u00e1s interesante, no s\u00f3lo a nivel local; tambi\u00e9n a nivel nacional e internacional.<\/p>\n<p style=\"text-align: justify;\">f)\u00a0\u00a0\u00a0\u00a0 Capacidad de generar propuesta y proyectos creativos, innovadoras y viables que, permitan conseguir recursos financieros para su desarrollo.<\/p>\n<p style=\"text-align: justify;\">Todos estos preceptos nos llevan a pensar que buscar empleo, es un trabajo en s\u00ed mismo. Quien se encauza en esta tarea debe organizarse, <a href=\"http:\/\/www.adehon.org\/cursos-online\/ficha\/125\/gestion-del-tiempo.html\">planificarse el tiempo<\/a> con eficacia y no cesar en el empe\u00f1o, teniendo en cuenta la suspicacia siempre de no dejarse llevar por atractivas ofertas que pueden verse publicadas en internet, pues pueden llegar\u00a0 a ser falsas.<\/p>\n<p style=\"text-align: justify;\">Por ello, desde nuestra <a href=\"http:\/\/empleo.adehon.org\/alumno-colocacion-registro\/\">agencia de empleo<\/a> os animamos en esta ardua tarea y os recomendamos elaborar un curriculum vitae profesional y proceder a daros de alta en nuestro sistema, de manera que pod\u00e1is alcanzar el objetivo perseguido: concertar entrevistas de trabajo y superarlas con el \u00e9xito deseado.<\/p>\n","protected":false},"excerpt":{"rendered":"<p>Buscar empleo, no es f\u00e1cil; menos a\u00fan, cuando se est\u00e1 pasando por una crisis econ\u00f3mica, donde lo normal es el cierre de empresas, despidos y menos oferta de trabajo. Con este panorama, la posibilidad de buscar empleo se reducen al m\u00ednimo; sin embargo, se tiene que considerar, algunos puntos importantes para tomar en cuenta y\u00a0 mejorar. Algunas condiciones para la b\u00fasqueda de empleo, son: a)\u00a0\u00a0\u00a0 Todos los Gobiernos disponen de paquetes laborales (proyectos sociales) de emergencia donde tu profesi\u00f3n puede ser v\u00e1lida. Esto es m\u00e1s com\u00fan; no por ello, desechable. b)\u00a0\u00a0\u00a0 Las habilidades, destrezas y competencias que genera la formaci\u00f3n profesional, permiten ampliar los focos de b\u00fasqueda y, en consecuencia, ampl\u00edan el perfil profesional a diversos empleos que antes no se consideraban. c)\u00a0\u00a0\u00a0 La b\u00fasqueda se flexibiliza y se hace m\u00e1s din\u00e1mica, abarcando todas las posibilidades y estrategias de autogesti\u00f3n, marketing personal y nichos laborales no cubiertos. d)\u00a0\u00a0\u00a0 Optimizaci\u00f3n del tiempo en informarse, investigar y analizar posibilidades nuevas de empleabilidad,&nbsp;<a href=\"https:\/\/www.adehon.org\/es\/certificados_profesionalidad\/como-buscar-un-empleo\/\" class=\"read-more\">Continuar Leyendo<\/a><\/p>\n","protected":false},"author":1,"featured_media":574,"comment_status":"open","ping_status":"closed","sticky":false,"template":"","format":"standard","meta":{"footnotes":""},"categories":[44,41,42,46,48,47,45,43],"tags":[81,65,82,10,17],"class_list":["post-1155","post","type-post","status-publish","format-standard","has-post-thumbnail","hentry","category-certificados_idiomas","category-certificados_profesionalidad","category-contrato_trabajo_dual","category-e-learning","category-noticias_generales_empleo","category-nuevas_tendencias_empleo","category-ofertas_empleo","category-practicas_empresa","tag-agencia-de-empleo","tag-curriculum","tag-desempleado","tag-empleo","tag-trabajo","cat-44-id","cat-41-id","cat-42-id","cat-46-id","cat-48-id","cat-47-id","cat-45-id","cat-43-id"],"_links":{"self":[{"href":"https:\/\/www.adehon.org\/es\/wp-json\/wp\/v2\/posts\/1155","targetHints":{"allow":["GET"]}}],"collection":[{"href":"https:\/\/www.adehon.org\/es\/wp-json\/wp\/v2\/posts"}],"about":[{"href":"https:\/\/www.adehon.org\/es\/wp-json\/wp\/v2\/types\/post"}],"author":[{"embeddable":true,"href":"https:\/\/www.adehon.org\/es\/wp-json\/wp\/v2\/users\/1"}],"replies":[{"embeddable":true,"href":"https:\/\/www.adehon.org\/es\/wp-json\/wp\/v2\/comments?post=1155"}],"version-history":[{"count":2,"href":"https:\/\/www.adehon.org\/es\/wp-json\/wp\/v2\/posts\/1155\/revisions"}],"predecessor-version":[{"id":2432,"href":"https:\/\/www.adehon.org\/es\/wp-json\/wp\/v2\/posts\/1155\/revisions\/2432"}],"wp:featuredmedia":[{"embeddable":true,"href":"https:\/\/www.adehon.org\/es\/wp-json\/wp\/v2\/media\/574"}],"wp:attachment":[{"href":"https:\/\/www.adehon.org\/es\/wp-json\/wp\/v2\/media?parent=1155"}],"wp:term":[{"taxonomy":"category","embeddable":true,"href":"https:\/\/www.adehon.org\/es\/wp-json\/wp\/v2\/categories?post=1155"},{"taxonomy":"post_tag","embeddable":true,"href":"https:\/\/www.adehon.org\/es\/wp-json\/wp\/v2\/tags?post=1155"}],"curies":[{"name":"wp","href":"https:\/\/api.w.org\/{rel}","templated":true}]}}