{"id":1788,"date":"2013-10-01T13:41:37","date_gmt":"2013-10-01T13:41:37","guid":{"rendered":"http:\/\/www.adehon.org\/es\/?p=1788"},"modified":"2014-07-07T15:16:40","modified_gmt":"2014-07-07T15:16:40","slug":"los-errores-mas-frecuentes-de-los-curriculum-vitae","status":"publish","type":"post","link":"https:\/\/www.adehon.org\/es\/certificados_profesionalidad\/los-errores-mas-frecuentes-de-los-curriculum-vitae\/","title":{"rendered":"Los errores m\u00e1s frecuentes de los Curr\u00edculum Vitae"},"content":{"rendered":"<p style=\"text-align: justify;\">Os presentamos una lista de los errores m\u00e1s frecuentes que se encuentran en las solicitudes de trabajo.<\/p>\n<ul style=\"text-align: justify;\">\n<li>Curr\u00edculum Vitae que carece de un perfil profesional.<\/li>\n<li>Un documento sin competencias b\u00e1sicas enumeradas.<\/li>\n<li>La solicitud de trabajo con un esquema incorrecto de presentaci\u00f3n o poco entendible (si cada poco tiempo a\u00f1adimos nuevas competencias a nuestro documento tenemos que asegurarnos que no pierde su transparencia).<\/li>\n<li>Tenemos que asegurarnos que el documento donde guardamos nuestro Curr\u00edculum Vitae est\u00e1 bien nombrado.<\/li>\n<li>Si a\u00f1adimos una foto nos aseguraremos que es adecuada para el puesto de trabajo que solicitamos y que est\u00e9 guardada en un formato com\u00fan para que sea m\u00e1s f\u00e1cil abrirla.<\/li>\n<li>Si mandamos nuestra aplicaci\u00f3n a trav\u00e9s de un <a href=\"http:\/\/www.adehon.org\/cursos-online\/ficha\/169\/microsoft-outlook-2007.html\">correo electr\u00f3nico<\/a> debemos usar para esto una direcci\u00f3n de car\u00e1cter profesional. Lo mejor es que est\u00e9 compuesta por nuestro nombre y apellidos. Un correo electr\u00f3nico que comienza por \u201clocccura\u201d o \u201cbesssito\u201d no va a aumentar nuestras posibilidades de conseguir un empleo.<\/li>\n<li>Tenemos que evitar los errores ortogr\u00e1ficos y gram\u00e1ticos en nuestro documento. Si no estamos seguros nuestras competencias en esta \u00e1rea podemos pedirle a otra persona que nos corrija el documento.<\/li>\n<li>No podemos olvidar describir qu\u00e9 responsabilidades hemos tenido en nuestro cargo en los puestos de trabajo anteriores.<\/li>\n<li>Si ponemos informaci\u00f3n sobre nuestros cursos o conocimientos que tenemos tienen que ser actuales y que tengan relaci\u00f3n con el puesto de trabajo al que aspiramos. Si hace 15 a\u00f1os hemos terminado un curso y desde entonces no hemos usado nunca este conocimiento lo mejor es no mencionarlo porque probablemente hayamos olvidado todo. Tambi\u00e9n si escribimos sobre los idiomas que conocemos mejor enumerar estos que de verdad dominamos. Si en un curso del instituto tuvimos clases de franc\u00e9s y desde entonces no usamos este idioma no hay que mencionarlo.<\/li>\n<li>Tambi\u00e9n debemos asegurarnos que los datos de contacto que publicamos sean actuales. A veces mandamos cientos de Curr\u00edculum Vitae olvidando que \u00faltimamente \u00a0hemos cambiado el numero de m\u00f3vil.<\/li>\n<\/ul>\n<p style=\"text-align: justify;\">As\u00ed que si no eres un especialista de una rama de tecnolog\u00eda con una alta demanda de trabajadores y no obtienes con frecuencia unas cuantas ofertas de trabajo comprueba si no cometes alguno de estos errores escribiendo tu propio Curr\u00edculum Vitae.<\/p>\n","protected":false},"excerpt":{"rendered":"<p>Os presentamos una lista de los errores m\u00e1s frecuentes que se encuentran en las solicitudes de trabajo. Curr\u00edculum Vitae que carece de un perfil profesional. Un documento sin competencias b\u00e1sicas enumeradas. La solicitud de trabajo con un esquema incorrecto de presentaci\u00f3n o poco entendible (si cada poco tiempo a\u00f1adimos nuevas competencias a nuestro documento tenemos que asegurarnos que no pierde su transparencia). Tenemos que asegurarnos que el documento donde guardamos nuestro Curr\u00edculum Vitae est\u00e1 bien nombrado. Si a\u00f1adimos una foto nos aseguraremos que es adecuada para el puesto de trabajo que solicitamos y que est\u00e9 guardada en un formato com\u00fan para que sea m\u00e1s f\u00e1cil abrirla. Si mandamos nuestra aplicaci\u00f3n a trav\u00e9s de un correo electr\u00f3nico debemos usar para esto una direcci\u00f3n de car\u00e1cter profesional. Lo mejor es que est\u00e9 compuesta por nuestro nombre y apellidos. Un correo electr\u00f3nico que comienza por \u201clocccura\u201d o \u201cbesssito\u201d no va a aumentar nuestras posibilidades de conseguir un empleo. Tenemos que evitar los errores&nbsp;<a href=\"https:\/\/www.adehon.org\/es\/certificados_profesionalidad\/los-errores-mas-frecuentes-de-los-curriculum-vitae\/\" class=\"read-more\">Continuar Leyendo<\/a><\/p>\n","protected":false},"author":1,"featured_media":1789,"comment_status":"open","ping_status":"closed","sticky":false,"template":"","format":"standard","meta":{"footnotes":""},"categories":[44,41,42,46,48,47,45,43],"tags":[65,10,17],"class_list":["post-1788","post","type-post","status-publish","format-standard","has-post-thumbnail","hentry","category-certificados_idiomas","category-certificados_profesionalidad","category-contrato_trabajo_dual","category-e-learning","category-noticias_generales_empleo","category-nuevas_tendencias_empleo","category-ofertas_empleo","category-practicas_empresa","tag-curriculum","tag-empleo","tag-trabajo","cat-44-id","cat-41-id","cat-42-id","cat-46-id","cat-48-id","cat-47-id","cat-45-id","cat-43-id"],"_links":{"self":[{"href":"https:\/\/www.adehon.org\/es\/wp-json\/wp\/v2\/posts\/1788","targetHints":{"allow":["GET"]}}],"collection":[{"href":"https:\/\/www.adehon.org\/es\/wp-json\/wp\/v2\/posts"}],"about":[{"href":"https:\/\/www.adehon.org\/es\/wp-json\/wp\/v2\/types\/post"}],"author":[{"embeddable":true,"href":"https:\/\/www.adehon.org\/es\/wp-json\/wp\/v2\/users\/1"}],"replies":[{"embeddable":true,"href":"https:\/\/www.adehon.org\/es\/wp-json\/wp\/v2\/comments?post=1788"}],"version-history":[{"count":3,"href":"https:\/\/www.adehon.org\/es\/wp-json\/wp\/v2\/posts\/1788\/revisions"}],"predecessor-version":[{"id":2388,"href":"https:\/\/www.adehon.org\/es\/wp-json\/wp\/v2\/posts\/1788\/revisions\/2388"}],"wp:featuredmedia":[{"embeddable":true,"href":"https:\/\/www.adehon.org\/es\/wp-json\/wp\/v2\/media\/1789"}],"wp:attachment":[{"href":"https:\/\/www.adehon.org\/es\/wp-json\/wp\/v2\/media?parent=1788"}],"wp:term":[{"taxonomy":"category","embeddable":true,"href":"https:\/\/www.adehon.org\/es\/wp-json\/wp\/v2\/categories?post=1788"},{"taxonomy":"post_tag","embeddable":true,"href":"https:\/\/www.adehon.org\/es\/wp-json\/wp\/v2\/tags?post=1788"}],"curies":[{"name":"wp","href":"https:\/\/api.w.org\/{rel}","templated":true}]}}